{"id":939,"date":"2020-02-18T16:35:00","date_gmt":"2020-02-18T15:35:00","guid":{"rendered":"https:\/\/final.kaiserundkuehne.de\/?p=939"},"modified":"2025-10-01T09:53:17","modified_gmt":"2025-10-01T07:53:17","slug":"bautec-gruenbau-berlin","status":"publish","type":"post","link":"https:\/\/kaiser-kuehne.com\/en\/bautec-gruenbau-berlin\/","title":{"rendered":"bautec \/ GR\u00dcNBAU Berlin"},"content":{"rendered":"<h3 class=\"wp-block-heading\">Kaiser &amp; K\u00fchne at bautec \/ GR\u00dcNBAU Berlin<\/h3>\n\n\n\n<p>From 18 - 21 February, we will be represented at GR\u00dcNBAU BERLIN, which takes place as part of bautec at the Berlin Exhibition Centre. Especially recommended: Our colleague Wolfram Ziegenhorn will be giving a presentation on the challenges facing playground construction in 2020.<\/p>\n\n\n\n<p><\/p>\n\n\n\n<figure class=\"wp-block-gallery has-nested-images columns-default is-cropped wp-block-gallery-1 is-layout-flex wp-block-gallery-is-layout-flex\">\n<figure class=\"wp-block-image size-large\"><img loading=\"lazy\" decoding=\"async\" width=\"768\" height=\"480\" data-id=\"942\" src=\"https:\/\/kaiser-kuehne.com\/wp-content\/uploads\/2025\/09\/bautec-galerie1.webp\" alt=\"\" class=\"wp-image-942\" srcset=\"https:\/\/kaiser-kuehne.com\/wp-content\/uploads\/2025\/09\/bautec-galerie1.webp 768w, https:\/\/kaiser-kuehne.com\/wp-content\/uploads\/2025\/09\/bautec-galerie1-480x300.webp 480w\" sizes=\"(min-width: 0px) and (max-width: 480px) 480px, (min-width: 481px) 768px, 100vw\" \/><\/figure>\n\n\n\n<figure class=\"wp-block-image size-large\"><img loading=\"lazy\" decoding=\"async\" width=\"768\" height=\"307\" data-id=\"941\" src=\"https:\/\/kaiser-kuehne.com\/wp-content\/uploads\/2025\/09\/bautec-galerie.webp\" alt=\"\" class=\"wp-image-941\" srcset=\"https:\/\/kaiser-kuehne.com\/wp-content\/uploads\/2025\/09\/bautec-galerie.webp 768w, https:\/\/kaiser-kuehne.com\/wp-content\/uploads\/2025\/09\/bautec-galerie-480x192.webp 480w\" sizes=\"(min-width: 0px) and (max-width: 480px) 480px, (min-width: 481px) 768px, 100vw\" \/><\/figure>\n<\/figure>","protected":false},"excerpt":{"rendered":"<p>Kaiser &amp; K\u00fchne at bautec \/ GR\u00dcNBAU Berlin From 18 - 21 February, we will be represented at GR\u00dcNBAU BERLIN, which takes place as part of bautec at the Berlin Exhibition Centre. Especially recommended: Our colleague Wolfram Ziegenhorn will be giving a presentation on the challenges facing playground construction in 2020.<\/p>","protected":false},"author":1,"featured_media":940,"comment_status":"closed","ping_status":"closed","sticky":false,"template":"","format":"standard","meta":{"_acf_changed":false,"_et_pb_use_builder":"","_et_pb_old_content":"","_et_gb_content_width":"","footnotes":""},"categories":[19],"tags":[],"class_list":["post-939","post","type-post","status-publish","format-standard","has-post-thumbnail","hentry","category-marketing"],"acf":[],"yoast_head":"<!-- This site is optimized with the Yoast SEO plugin v27.4 - https:\/\/yoast.com\/product\/yoast-seo-wordpress\/ -->\n<title>bautec \/ GR\u00dcNBAU Berlin | Kaiser &amp; K\u00fchne<\/title>\n<meta name=\"description\" content=\"Kaiser &amp; K\u00fchne auf der bautec \/ GR\u00dcNBAU Berlin\" \/>\n<meta name=\"robots\" content=\"index, follow, max-snippet:-1, max-image-preview:large, max-video-preview:-1\" \/>\n<link rel=\"canonical\" href=\"https:\/\/kaiser-kuehne.com\/en\/bautec-gruenbau-berlin\/\" \/>\n<meta property=\"og:locale\" content=\"en_GB\" \/>\n<meta property=\"og:type\" content=\"article\" \/>\n<meta property=\"og:title\" content=\"bautec \/ GR\u00dcNBAU Berlin | Kaiser &amp; K\u00fchne\" \/>\n<meta property=\"og:description\" content=\"Kaiser &amp; K\u00fchne auf der bautec \/ GR\u00dcNBAU Berlin\" \/>\n<meta property=\"og:url\" content=\"https:\/\/kaiser-kuehne.com\/en\/bautec-gruenbau-berlin\/\" \/>\n<meta property=\"og:site_name\" content=\"Kaiser &amp; K\u00fchne\" \/>\n<meta property=\"article:published_time\" content=\"2020-02-18T15:35:00+00:00\" \/>\n<meta property=\"article:modified_time\" content=\"2025-10-01T07:53:17+00:00\" \/>\n<meta property=\"og:image\" content=\"https:\/\/kaiser-kuehne.com\/wp-content\/uploads\/2025\/09\/Bautec-gruenbau-logo.webp\" \/>\n\t<meta property=\"og:image:width\" content=\"768\" \/>\n\t<meta property=\"og:image:height\" content=\"569\" \/>\n\t<meta property=\"og:image:type\" content=\"image\/webp\" \/>\n<meta name=\"author\" content=\"rehbrand\" \/>\n<meta name=\"twitter:card\" content=\"summary_large_image\" \/>\n<meta name=\"twitter:label1\" content=\"Written by\" \/>\n\t<meta name=\"twitter:data1\" content=\"rehbrand\" \/>\n\t<meta name=\"twitter:label2\" content=\"Estimated reading time\" \/>\n\t<meta name=\"twitter:data2\" content=\"1 minute\" \/>\n<script type=\"application\/ld+json\" class=\"yoast-schema-graph\">{\"@context\":\"https:\\\/\\\/schema.org\",\"@graph\":[{\"@type\":\"Article\",\"@id\":\"https:\\\/\\\/kaiser-kuehne.com\\\/bautec-gruenbau-berlin\\\/#article\",\"isPartOf\":{\"@id\":\"https:\\\/\\\/kaiser-kuehne.com\\\/bautec-gruenbau-berlin\\\/\"},\"author\":{\"name\":\"rehbrand\",\"@id\":\"https:\\\/\\\/kaiser-kuehne.com\\\/#\\\/schema\\\/person\\\/b44885c45b47c5ce0e7ab18128653bd3\"},\"headline\":\"bautec \\\/ GR\u00dcNBAU Berlin\",\"datePublished\":\"2020-02-18T15:35:00+00:00\",\"dateModified\":\"2025-10-01T07:53:17+00:00\",\"mainEntityOfPage\":{\"@id\":\"https:\\\/\\\/kaiser-kuehne.com\\\/bautec-gruenbau-berlin\\\/\"},\"wordCount\":50,\"publisher\":{\"@id\":\"https:\\\/\\\/kaiser-kuehne.com\\\/#organization\"},\"image\":{\"@id\":\"https:\\\/\\\/kaiser-kuehne.com\\\/bautec-gruenbau-berlin\\\/#primaryimage\"},\"thumbnailUrl\":\"https:\\\/\\\/kaiser-kuehne.com\\\/wp-content\\\/uploads\\\/2025\\\/09\\\/Bautec-gruenbau-logo.webp\",\"articleSection\":[\"Marketing\"],\"inLanguage\":\"en-GB\"},{\"@type\":\"WebPage\",\"@id\":\"https:\\\/\\\/kaiser-kuehne.com\\\/bautec-gruenbau-berlin\\\/\",\"url\":\"https:\\\/\\\/kaiser-kuehne.com\\\/bautec-gruenbau-berlin\\\/\",\"name\":\"bautec \\\/ GR\u00dcNBAU Berlin | Kaiser &amp; K\u00fchne\",\"isPartOf\":{\"@id\":\"https:\\\/\\\/kaiser-kuehne.com\\\/#website\"},\"primaryImageOfPage\":{\"@id\":\"https:\\\/\\\/kaiser-kuehne.com\\\/bautec-gruenbau-berlin\\\/#primaryimage\"},\"image\":{\"@id\":\"https:\\\/\\\/kaiser-kuehne.com\\\/bautec-gruenbau-berlin\\\/#primaryimage\"},\"thumbnailUrl\":\"https:\\\/\\\/kaiser-kuehne.com\\\/wp-content\\\/uploads\\\/2025\\\/09\\\/Bautec-gruenbau-logo.webp\",\"datePublished\":\"2020-02-18T15:35:00+00:00\",\"dateModified\":\"2025-10-01T07:53:17+00:00\",\"description\":\"Kaiser & K\u00fchne auf der bautec \\\/ GR\u00dcNBAU Berlin\",\"breadcrumb\":{\"@id\":\"https:\\\/\\\/kaiser-kuehne.com\\\/bautec-gruenbau-berlin\\\/#breadcrumb\"},\"inLanguage\":\"en-GB\",\"potentialAction\":[{\"@type\":\"ReadAction\",\"target\":[\"https:\\\/\\\/kaiser-kuehne.com\\\/bautec-gruenbau-berlin\\\/\"]}]},{\"@type\":\"ImageObject\",\"inLanguage\":\"en-GB\",\"@id\":\"https:\\\/\\\/kaiser-kuehne.com\\\/bautec-gruenbau-berlin\\\/#primaryimage\",\"url\":\"https:\\\/\\\/kaiser-kuehne.com\\\/wp-content\\\/uploads\\\/2025\\\/09\\\/Bautec-gruenbau-logo.webp\",\"contentUrl\":\"https:\\\/\\\/kaiser-kuehne.com\\\/wp-content\\\/uploads\\\/2025\\\/09\\\/Bautec-gruenbau-logo.webp\",\"width\":768,\"height\":569,\"caption\":\"Das Logo der Bautec als Unterschrift und die Hauptschrift ist der Name der Gr\u00fcnbau Messe in Berlin mit den Zeitraum\"},{\"@type\":\"BreadcrumbList\",\"@id\":\"https:\\\/\\\/kaiser-kuehne.com\\\/bautec-gruenbau-berlin\\\/#breadcrumb\",\"itemListElement\":[{\"@type\":\"ListItem\",\"position\":1,\"name\":\"Startseite\",\"item\":\"https:\\\/\\\/kaiser-kuehne.com\\\/\"},{\"@type\":\"ListItem\",\"position\":2,\"name\":\"bautec \\\/ GR\u00dcNBAU Berlin\"}]},{\"@type\":\"WebSite\",\"@id\":\"https:\\\/\\\/kaiser-kuehne.com\\\/#website\",\"url\":\"https:\\\/\\\/kaiser-kuehne.com\\\/\",\"name\":\"Kaiser & K\u00fchne\",\"description\":\"Premium Playgrounds\",\"publisher\":{\"@id\":\"https:\\\/\\\/kaiser-kuehne.com\\\/#organization\"},\"alternateName\":\"Kaiser und K\u00fchne\",\"potentialAction\":[{\"@type\":\"SearchAction\",\"target\":{\"@type\":\"EntryPoint\",\"urlTemplate\":\"https:\\\/\\\/kaiser-kuehne.com\\\/?s={search_term_string}\"},\"query-input\":{\"@type\":\"PropertyValueSpecification\",\"valueRequired\":true,\"valueName\":\"search_term_string\"}}],\"inLanguage\":\"en-GB\"},{\"@type\":\"Organization\",\"@id\":\"https:\\\/\\\/kaiser-kuehne.com\\\/#organization\",\"name\":\"Kaiser & K\u00fchne\",\"url\":\"https:\\\/\\\/kaiser-kuehne.com\\\/\",\"logo\":{\"@type\":\"ImageObject\",\"inLanguage\":\"en-GB\",\"@id\":\"https:\\\/\\\/kaiser-kuehne.com\\\/#\\\/schema\\\/logo\\\/image\\\/\",\"url\":\"https:\\\/\\\/kaiser-kuehne.com\\\/wp-content\\\/uploads\\\/2025\\\/06\\\/kaiserkuehne-logo-color.svg\",\"contentUrl\":\"https:\\\/\\\/kaiser-kuehne.com\\\/wp-content\\\/uploads\\\/2025\\\/06\\\/kaiserkuehne-logo-color.svg\",\"width\":1,\"height\":1,\"caption\":\"Kaiser & K\u00fchne\"},\"image\":{\"@id\":\"https:\\\/\\\/kaiser-kuehne.com\\\/#\\\/schema\\\/logo\\\/image\\\/\"},\"sameAs\":[\"https:\\\/\\\/www.instagram.com\\\/kaiser_kuehne\\\/?hl=de\",\"https:\\\/\\\/de.linkedin.com\\\/company\\\/kaiser-kuehne\"]},{\"@type\":\"Person\",\"@id\":\"https:\\\/\\\/kaiser-kuehne.com\\\/#\\\/schema\\\/person\\\/b44885c45b47c5ce0e7ab18128653bd3\",\"name\":\"rehbrand\",\"sameAs\":[\"https:\\\/\\\/kaiser-kuehne.com\"],\"url\":\"https:\\\/\\\/kaiser-kuehne.com\\\/en\\\/author\\\/rehbrand\\\/\"}]}<\/script>\n<!-- \/ Yoast SEO plugin. -->","yoast_head_json":{"title":"bautec \/ GR\u00dcNBAU Berlin | Kaiser &amp; K\u00fchne","description":"Kaiser &amp; K\u00fchne at bautec \/ GR\u00dcNBAU Berlin","robots":{"index":"index","follow":"follow","max-snippet":"max-snippet:-1","max-image-preview":"max-image-preview:large","max-video-preview":"max-video-preview:-1"},"canonical":"https:\/\/kaiser-kuehne.com\/en\/bautec-gruenbau-berlin\/","og_locale":"en_GB","og_type":"article","og_title":"bautec \/ GR\u00dcNBAU Berlin | Kaiser &amp; K\u00fchne","og_description":"Kaiser & K\u00fchne auf der bautec \/ GR\u00dcNBAU Berlin","og_url":"https:\/\/kaiser-kuehne.com\/en\/bautec-gruenbau-berlin\/","og_site_name":"Kaiser &amp; K\u00fchne","article_published_time":"2020-02-18T15:35:00+00:00","article_modified_time":"2025-10-01T07:53:17+00:00","og_image":[{"width":768,"height":569,"url":"https:\/\/kaiser-kuehne.com\/wp-content\/uploads\/2025\/09\/Bautec-gruenbau-logo.webp","type":"image\/webp"}],"author":"rehbrand","twitter_card":"summary_large_image","twitter_misc":{"Written by":"rehbrand","Estimated reading time":"1 minute"},"schema":{"@context":"https:\/\/schema.org","@graph":[{"@type":"Article","@id":"https:\/\/kaiser-kuehne.com\/bautec-gruenbau-berlin\/#article","isPartOf":{"@id":"https:\/\/kaiser-kuehne.com\/bautec-gruenbau-berlin\/"},"author":{"name":"rehbrand","@id":"https:\/\/kaiser-kuehne.com\/#\/schema\/person\/b44885c45b47c5ce0e7ab18128653bd3"},"headline":"bautec \/ GR\u00dcNBAU Berlin","datePublished":"2020-02-18T15:35:00+00:00","dateModified":"2025-10-01T07:53:17+00:00","mainEntityOfPage":{"@id":"https:\/\/kaiser-kuehne.com\/bautec-gruenbau-berlin\/"},"wordCount":50,"publisher":{"@id":"https:\/\/kaiser-kuehne.com\/#organization"},"image":{"@id":"https:\/\/kaiser-kuehne.com\/bautec-gruenbau-berlin\/#primaryimage"},"thumbnailUrl":"https:\/\/kaiser-kuehne.com\/wp-content\/uploads\/2025\/09\/Bautec-gruenbau-logo.webp","articleSection":["Marketing"],"inLanguage":"en-GB"},{"@type":"WebPage","@id":"https:\/\/kaiser-kuehne.com\/bautec-gruenbau-berlin\/","url":"https:\/\/kaiser-kuehne.com\/bautec-gruenbau-berlin\/","name":"bautec \/ GR\u00dcNBAU Berlin | Kaiser &amp; K\u00fchne","isPartOf":{"@id":"https:\/\/kaiser-kuehne.com\/#website"},"primaryImageOfPage":{"@id":"https:\/\/kaiser-kuehne.com\/bautec-gruenbau-berlin\/#primaryimage"},"image":{"@id":"https:\/\/kaiser-kuehne.com\/bautec-gruenbau-berlin\/#primaryimage"},"thumbnailUrl":"https:\/\/kaiser-kuehne.com\/wp-content\/uploads\/2025\/09\/Bautec-gruenbau-logo.webp","datePublished":"2020-02-18T15:35:00+00:00","dateModified":"2025-10-01T07:53:17+00:00","description":"Kaiser &amp; K\u00fchne at bautec \/ GR\u00dcNBAU Berlin","breadcrumb":{"@id":"https:\/\/kaiser-kuehne.com\/bautec-gruenbau-berlin\/#breadcrumb"},"inLanguage":"en-GB","potentialAction":[{"@type":"ReadAction","target":["https:\/\/kaiser-kuehne.com\/bautec-gruenbau-berlin\/"]}]},{"@type":"ImageObject","inLanguage":"en-GB","@id":"https:\/\/kaiser-kuehne.com\/bautec-gruenbau-berlin\/#primaryimage","url":"https:\/\/kaiser-kuehne.com\/wp-content\/uploads\/2025\/09\/Bautec-gruenbau-logo.webp","contentUrl":"https:\/\/kaiser-kuehne.com\/wp-content\/uploads\/2025\/09\/Bautec-gruenbau-logo.webp","width":768,"height":569,"caption":"Das Logo der Bautec als Unterschrift und die Hauptschrift ist der Name der Gr\u00fcnbau Messe in Berlin mit den Zeitraum"},{"@type":"BreadcrumbList","@id":"https:\/\/kaiser-kuehne.com\/bautec-gruenbau-berlin\/#breadcrumb","itemListElement":[{"@type":"ListItem","position":1,"name":"Startseite","item":"https:\/\/kaiser-kuehne.com\/"},{"@type":"ListItem","position":2,"name":"bautec \/ GR\u00dcNBAU Berlin"}]},{"@type":"WebSite","@id":"https:\/\/kaiser-kuehne.com\/#website","url":"https:\/\/kaiser-kuehne.com\/","name":"Kaiser &amp; K\u00fchne","description":"Premium Playgrounds","publisher":{"@id":"https:\/\/kaiser-kuehne.com\/#organization"},"alternateName":"Kaiser und K\u00fchne","potentialAction":[{"@type":"SearchAction","target":{"@type":"EntryPoint","urlTemplate":"https:\/\/kaiser-kuehne.com\/?s={search_term_string}"},"query-input":{"@type":"PropertyValueSpecification","valueRequired":true,"valueName":"search_term_string"}}],"inLanguage":"en-GB"},{"@type":"Organization","@id":"https:\/\/kaiser-kuehne.com\/#organization","name":"Kaiser &amp; K\u00fchne","url":"https:\/\/kaiser-kuehne.com\/","logo":{"@type":"ImageObject","inLanguage":"en-GB","@id":"https:\/\/kaiser-kuehne.com\/#\/schema\/logo\/image\/","url":"https:\/\/kaiser-kuehne.com\/wp-content\/uploads\/2025\/06\/kaiserkuehne-logo-color.svg","contentUrl":"https:\/\/kaiser-kuehne.com\/wp-content\/uploads\/2025\/06\/kaiserkuehne-logo-color.svg","width":1,"height":1,"caption":"Kaiser & K\u00fchne"},"image":{"@id":"https:\/\/kaiser-kuehne.com\/#\/schema\/logo\/image\/"},"sameAs":["https:\/\/www.instagram.com\/kaiser_kuehne\/?hl=de","https:\/\/de.linkedin.com\/company\/kaiser-kuehne"]},{"@type":"Person","@id":"https:\/\/kaiser-kuehne.com\/#\/schema\/person\/b44885c45b47c5ce0e7ab18128653bd3","name":"deer fire","sameAs":["https:\/\/kaiser-kuehne.com"],"url":"https:\/\/kaiser-kuehne.com\/en\/author\/rehbrand\/"}]}},"_links":{"self":[{"href":"https:\/\/kaiser-kuehne.com\/en\/wp-json\/wp\/v2\/posts\/939","targetHints":{"allow":["GET"]}}],"collection":[{"href":"https:\/\/kaiser-kuehne.com\/en\/wp-json\/wp\/v2\/posts"}],"about":[{"href":"https:\/\/kaiser-kuehne.com\/en\/wp-json\/wp\/v2\/types\/post"}],"author":[{"embeddable":true,"href":"https:\/\/kaiser-kuehne.com\/en\/wp-json\/wp\/v2\/users\/1"}],"replies":[{"embeddable":true,"href":"https:\/\/kaiser-kuehne.com\/en\/wp-json\/wp\/v2\/comments?post=939"}],"version-history":[{"count":1,"href":"https:\/\/kaiser-kuehne.com\/en\/wp-json\/wp\/v2\/posts\/939\/revisions"}],"predecessor-version":[{"id":943,"href":"https:\/\/kaiser-kuehne.com\/en\/wp-json\/wp\/v2\/posts\/939\/revisions\/943"}],"wp:featuredmedia":[{"embeddable":true,"href":"https:\/\/kaiser-kuehne.com\/en\/wp-json\/wp\/v2\/media\/940"}],"wp:attachment":[{"href":"https:\/\/kaiser-kuehne.com\/en\/wp-json\/wp\/v2\/media?parent=939"}],"wp:term":[{"taxonomy":"category","embeddable":true,"href":"https:\/\/kaiser-kuehne.com\/en\/wp-json\/wp\/v2\/categories?post=939"},{"taxonomy":"post_tag","embeddable":true,"href":"https:\/\/kaiser-kuehne.com\/en\/wp-json\/wp\/v2\/tags?post=939"}],"curies":[{"name":"wp","href":"https:\/\/api.w.org\/{rel}","templated":true}]}}